{"id":1775,"date":"2012-09-22T15:30:00","date_gmt":"2012-09-22T15:30:00","guid":{"rendered":"http:\/\/www.monogatari.info\/?p=4"},"modified":"2012-09-22T15:30:00","modified_gmt":"2012-09-22T15:30:00","slug":"crise-ou-nao","status":"publish","type":"post","link":"https:\/\/monogatari.info\/index.php\/2012\/09\/22\/crise-ou-nao\/","title":{"rendered":"Crise&#8230; ou n\u00e3o?"},"content":{"rendered":"<p>Anda a popula\u00e7a toda indignada com as medidas que o governo est\u00e1 a tomar; a subida dos impostos e os impostos extra, o apoio que o governo est\u00e1 a dar aos seus &#8220;amigos&#8221;, a continuidade das despesas astron\u00f3micas e absurdas, etc. Fala-se mal deste e daquele no &#8220;feicebuque&#8221;, critica-se, chama-se ladr\u00e3o a fulano e cicrano, fazem-se manifesta\u00e7\u00f5es. Infelizmente pouco mais se faz do que isto.<br \/>Portanto, let me get this right: o governo que est\u00e1 actualmente a fazer esta merda toda, est\u00e1 l\u00e1 porque n\u00f3s, os eleitores, vot\u00e1mos neles, certo? \u00c9 que at\u00e9 os abstencionistas contribuiram para colocar l\u00e1 o PPC. Um n\u00e3o voto, n\u00e3o \u00e9 a mesma coisa que um voto em branco. Isso apenas teria impacto, talvez, se houvesse uma taxa de absten\u00e7\u00e3o de 100% em vez de haver uma parca maioria em que apenas metade dos eleitores votaram.<br \/>Manifesta\u00e7\u00f5es, sim, claro temos esse direito e acho que fazemos muito bem em nos manifestarmos, mas pergunto eu: &#8220;Ser\u00e1 que tem algum efeito?&#8221;; aparentemente n\u00e3o. Segundo consta, s\u00f3 na avenida dos aliados no Porto foram pelo menos 50000 pessoas. Toda gente grita, rabuja, refila, grita, cantam can\u00e7\u00f5es reaccion\u00e1rias, postam piadas idiotas na net, queixam-se que o primeiro ministro \u00e9 isto ou aquilo, mas de facto, ac\u00e7\u00f5es ou atitudes que tenham impacto poucas h\u00e1. Claro que \u00e9 mera especula\u00e7\u00e3o da minha parte, mas tudo me leva a crer que enquanto as pessoas estavam nas ruas de v\u00e1rias cidades do Pa\u00eds, o primeiro ministro e respectivo governo\/amigos estavam confortavelmente a rir-se de tudo; &#8220;olhem-me para estes palha\u00e7os, n\u00f3s fazemos o que queremos e bem nos apetece e esta cambada apenas vai para a rua gritar&#8221;.<br \/>&#8220;Sim, claro, deve ser chato ir \u00e1 net e ver montanhas de fotografias minhas a chamar-me tudo menos pai, mas enquanto isso eu vou enchendo o bolso; o meu e o dos meus amigos.&#8221;<\/p>\n<p>Recentemente vi uma atitude que admiro, sim, essa foi uma atitude que poder\u00e1 ter algum impacto (ou n\u00e3o); a escritora <span>Maria Teresa Horta foi nomeada para receber um pr\u00e9mio liter\u00e1rio, mas ao saber que este iria ser entregue pelo primeiro-ministro recusou-se a receber o pr\u00e9mio. Aplaudo esta atitude.<\/span><\/p>\n<p><span>Pergunto-me a mim pr\u00f3prio o que poderei eu fazer para mudar o estado das coisas. Posso dedicar-me \u00e0 pol\u00edtica, mas creio que n\u00e3o teria grande sucesso (sim, eu sei que estou a ser derrotista). Posso estar redondamente enganado, mas acredito que n\u00e3o \u00e9 o governo que manda neste Pa\u00eds (ou em qualquer outro Pa\u00eds), quem realmente puxa os cordelinhos s\u00e3o os grandes &#8220;bar\u00f5es&#8221; empresariais. Quem realmente manda \u00e9 quem tem muito dinheiro\/poder. E h\u00e1 sempre a t\u00e1tica habitual de chutar para canto: &#8220;Eu n\u00e3o sei de nada, o governo anterior \u00e9 que nos deixou neste estado!&#8221;. Porra, n\u00e3o estavam l\u00e1 quando o governo anterior &#8220;supostamente&#8221; esteve a fazer asneiras? N\u00e3o poderiam ter impedido isto?<\/span><br \/><span><br \/><\/span><span>Por isto tudo e muito mais eu pergunto: Que direito t\u00eam os pol\u00edticos de ganhar bal\u00fardios e ter todas as regalias que actualmente possuem? Ah e tal, governar o Pa\u00eds \u00e9 um cargo que d\u00e1 muito trabalho. Sim, concordo, \u00e9 muita responsabilidade e d\u00e1 muito trabalho, mas isso seria se estivessem a fazer um bom trabalho, seja como governantes ou como oposi\u00e7\u00e3o.<\/span><br \/><span><br \/><\/span><span>Entretanto, creio que a febre das manifs j\u00e1 est\u00e1 para acabar, j\u00e1 come\u00e7ou a casa dos segredos. Al\u00e9m disso, h\u00e1 sempre o alc\u00f3ol e a droga (de acordo com um estudo efectuado a taxa de viciados aumentou por causa da crise). Pois, n\u00e3o h\u00e1 dinheiro para comprar comida e pagar a renda, a vida est\u00e1 uma merda, vou mas \u00e9 gastar o que me sobra na pinga ou na droga.<\/span><\/p>\n","protected":false},"excerpt":{"rendered":"<p>Anda a popula\u00e7a toda indignada com as medidas que o governo est\u00e1 a tomar; a subida dos impostos e os impostos extra, o apoio que o governo est\u00e1 a dar aos seus &#8220;amigos&#8221;, a continuidade das despesas astron\u00f3micas e absurdas, etc. Fala-se mal deste e daquele no &#8220;feicebuque&#8221;, critica-se, chama-se ladr\u00e3o a fulano e cicrano, [&hellip;]<\/p>\n","protected":false},"author":1,"featured_media":0,"comment_status":"open","ping_status":"open","sticky":false,"template":"","format":"standard","meta":{"footnotes":""},"categories":[24],"tags":[],"class_list":["post-1775","post","type-post","status-publish","format-standard","hentry","category-rabugices"],"_links":{"self":[{"href":"https:\/\/monogatari.info\/index.php\/wp-json\/wp\/v2\/posts\/1775","targetHints":{"allow":["GET"]}}],"collection":[{"href":"https:\/\/monogatari.info\/index.php\/wp-json\/wp\/v2\/posts"}],"about":[{"href":"https:\/\/monogatari.info\/index.php\/wp-json\/wp\/v2\/types\/post"}],"author":[{"embeddable":true,"href":"https:\/\/monogatari.info\/index.php\/wp-json\/wp\/v2\/users\/1"}],"replies":[{"embeddable":true,"href":"https:\/\/monogatari.info\/index.php\/wp-json\/wp\/v2\/comments?post=1775"}],"version-history":[{"count":0,"href":"https:\/\/monogatari.info\/index.php\/wp-json\/wp\/v2\/posts\/1775\/revisions"}],"wp:attachment":[{"href":"https:\/\/monogatari.info\/index.php\/wp-json\/wp\/v2\/media?parent=1775"}],"wp:term":[{"taxonomy":"category","embeddable":true,"href":"https:\/\/monogatari.info\/index.php\/wp-json\/wp\/v2\/categories?post=1775"},{"taxonomy":"post_tag","embeddable":true,"href":"https:\/\/monogatari.info\/index.php\/wp-json\/wp\/v2\/tags?post=1775"}],"curies":[{"name":"wp","href":"https:\/\/api.w.org\/{rel}","templated":true}]}}