{"id":46,"date":"2010-06-02T16:37:00","date_gmt":"2010-06-02T16:37:00","guid":{"rendered":"http:\/\/www.monogatari.info\/?p=46"},"modified":"2010-06-02T16:37:00","modified_gmt":"2010-06-02T16:37:00","slug":"politicas-economias-crises-e-o-povo","status":"publish","type":"post","link":"https:\/\/monogatari.info\/index.php\/2010\/06\/02\/politicas-economias-crises-e-o-povo\/","title":{"rendered":"Politicas, economias, crises e o povo&#8230;"},"content":{"rendered":"<p>H\u00e1 muito tempo atr\u00e1s prometi a mim mesmo que n\u00e3o iria escrever sobre estes assuntos no meu blog; No entanto isso n\u00e3o significa que eu seja imune a eles. Hoje, ap\u00f3s mais um e-mail com uma &#8220;super&#8221; cr\u00f3nica de algu\u00e9m que n\u00e3o conhe\u00e7o e nunca ouvi falar, resolvi escrever eu a minha pr\u00f3pria cr\u00f3nica. Talvez verborreica mas nada metaf\u00f3rica.<\/p>\n<p>Diz-se que vivemos em crise, diz-se que a crise est\u00e1 cada vez pior; As pessoas queixam-se que n\u00e3o ha dinheiro, queixam-se dos impostos que foram aumentados entre muitas outras coisas.<\/p>\n<p>No entanto a popula\u00e7\u00e3o em geral (salvo v\u00e1rias excep\u00e7\u00f5es, n\u00e3o quero ser t\u00e3o generalista), abandona todo este pranto assim que a selec\u00e7\u00e3o nacional entra em campo. Durante esses noventa minutos j\u00e1 n\u00e3o h\u00e1 qualquer crise, a falta de dinheiro n\u00e3o \u00e9 assim tanta que n\u00e3o se possa pagar a bendita mensalidade do &#8220;canal de&nbsp; bola por cabo&#8221;, &#8220;Impostos?! O que \u00e9 isso?.&#8221;. Entretanto os noventa minutos acabam, t\u00e1 na hora de ir para o caf\u00e9 comentar o jogo e, ou talvez quem sabe, aliviar um pouco o queixume da crise.<\/p>\n<p>Assisto de plateia a uma oposi\u00e7\u00e3o pol\u00edtica deste pa\u00eds que sem ter qualquer for\u00e7a real, est\u00e1 plenamente convencida que &#8220;ser da oposi\u00e7\u00e3o&#8221; significa &#8220;ser do contra&#8221;. Assisto tamb\u00e9m a uma s\u00e9rie de figuras p\u00fablicas e outras n\u00e3o t\u00e3o p\u00fablicas a atacar o Sr. Jos\u00e9 S\u00f3crates. (N\u00e3o uso o t\u00edtulo Eng. ou Dr. ou outro qualquer porque tanto quanto sei isso n\u00e3o faz parte do nome de uma pessoa). N\u00e3o estou de forma alguma a defender o Sr. Jos\u00e9 S\u00f3crates, isso \u00e9 trabalho dele; estou apenas a tentar entender o que \u00e9 que passa pela cabe\u00e7a de meia-d\u00fazia de figuras p\u00fablicas e n\u00e3o t\u00e3o p\u00fablicas e tamb\u00e9m de uns quantos milh\u00f5es de Portugueses, para passaram uma grande parte do seu tempo a criticar, a mal-dizer, a tentar &#8220;derrubar&#8221; a figura que est\u00e1 no poder, em vez de pensarem na sua pr\u00f3pria vida.<br \/>O que \u00e9 que me interessa a mim qual \u00e9 o curso que o Sr. Jos\u00e9 S\u00f3crates tem? Eu quero l\u00e1 saber se ele \u00e9 engenheiro ou n\u00e3o ou apenas diz que \u00e9. Isso n\u00e3o vai mudar em nada a maneira dele ser, nem a maneira dele governar.<br \/>&#8220;Ah, mas a mentira! \u00c9 inadmiss\u00edvel ter um governante que mente!&#8221; Dir\u00e3o muitos ao ler isto.<br \/>Foda-se!!! Quantos neste planeta nunca mentiram?!?! Quantos intrujas n\u00e3o fizeram fortunas com base na mentira? Quantos membros da assembleia nunca mentiram?<\/p>\n<p>E quanto ao povo, esclarecido, iluminado e sab\u00e3o (para quem n\u00e3o sabe, defino sab\u00e3o como um s\u00e1bio que sabe tudo o que h\u00e1 para saber), j\u00e1 vi que n\u00e3o interessa o que \u00e9 que se passa na vossa vida, o que importa \u00e9 que estamos em crise, que a coisa &#8220;t\u00e1 preta&#8221;, que o governo \u00e9 mentiroso, bl\u00e1, bl\u00e1, bl\u00e1. e temos que nos queixar disso, temos que nos revoltar contra isso, etc.<br \/>Caros Portugueses, se n\u00e3o est\u00e3o contentes com o nosso governo, porque raz\u00e3o \u00e9 que votaram nele?! Enfim, se fosse o primeiro mandato, ok, o rapaz era ligeiramente desconhecido, at\u00e9 tinha bom aspecto e tal. Mas n\u00e3o, bor\u00e1 l\u00e1 eleg\u00ea-lo uma segunda vez.. irra qu&#8217;isto \u00e9 burrice.!!!<br \/>E para quem diz que nem sequer votou s\u00f3 posso dizer &#8220;temos pena, para a pr\u00f3xima votem em branco ou na oposi\u00e7\u00e3o. Talvez assim o actual governo n\u00e3o tivesse sido eleito uma segunda vez&#8221;.. mas n\u00e3o, se n\u00e3o houvesse crise e dificuldades e impostos as pessoas n\u00e3o tinha assunto de conversa no caf\u00e9, deixava de haver queixume para fazer. E quanto \u00e0s figuras p\u00fablicas e outras n\u00e3o t\u00e3o p\u00fablicas, j\u00e1 n\u00e3o podiam escrever grandes cr\u00f3nicas verborreicas e metaf\u00f3ricas a mal-dizer tudo e todos.<br \/>\u00c9 claro que h\u00e1 ainda aqueles que votaram em branco ou na oposi\u00e7\u00e3o, sim, esses acho que mereceram o direito de se queixarem. Mas mesmo assim, n\u00e3o abusem; demasiado queixume \u00e9 chato. <\/p>\n<p>Ah, \u00e9 verdade, j\u00e1 me is esquecendo. A \u00faltima queixa \u00e9 o aumento dos impostos.Pois \u00e9&#8230; que horror, o iva aumentou de 20% para 21%. Em primeiro lugar parece que as pessoas se esquecem que o IVA j\u00e1 esteve a 21% e toda a gente sobreviveu. Em segundo lugar, n\u00e3o \u00e9 este um por cento a mais que me poderia preocupar. O que me preocupa \u00e9 que enquanto que o IVA aumenta um porcento, os vendedores, comerciantes, fornecedores, etc. aumentam os seus prec\u00e7os em cinco ou seis por cento. Ent\u00e3o afinal como \u00e9? Segundo as leis b\u00e1sicas da matem\u00e1tica, se o IVA aumentou um por cento, os pre\u00e7os deveriam, subir tamb\u00e9m um por cento e os lucros iriam manter-se os mesmos, certo?! Mas n\u00e3o, este aumento de um por cento, \u00e9 a desculpa perfeita para se aumentar os pre\u00e7os exponencialmente, duplicar ou triplicar os lucros e deitar as culpas na crise e no governo e no aumento dos impostos.<\/p>\n<p>Resumando e baralhindo, estamos em crise, or so they say! Pois eu digo  que n\u00e3o; n\u00e3o estamos em crise.<\/p>\n","protected":false},"excerpt":{"rendered":"<p>H\u00e1 muito tempo atr\u00e1s prometi a mim mesmo que n\u00e3o iria escrever sobre estes assuntos no meu blog; No entanto isso n\u00e3o significa que eu seja imune a eles. Hoje, ap\u00f3s mais um e-mail com uma &#8220;super&#8221; cr\u00f3nica de algu\u00e9m que n\u00e3o conhe\u00e7o e nunca ouvi falar, resolvi escrever eu a minha pr\u00f3pria cr\u00f3nica. Talvez [&hellip;]<\/p>\n","protected":false},"author":1,"featured_media":0,"comment_status":"open","ping_status":"open","sticky":false,"template":"","format":"standard","meta":{"footnotes":""},"categories":[3],"tags":[],"class_list":["post-46","post","type-post","status-publish","format-standard","hentry","category-cronicas-e-historias"],"_links":{"self":[{"href":"https:\/\/monogatari.info\/index.php\/wp-json\/wp\/v2\/posts\/46","targetHints":{"allow":["GET"]}}],"collection":[{"href":"https:\/\/monogatari.info\/index.php\/wp-json\/wp\/v2\/posts"}],"about":[{"href":"https:\/\/monogatari.info\/index.php\/wp-json\/wp\/v2\/types\/post"}],"author":[{"embeddable":true,"href":"https:\/\/monogatari.info\/index.php\/wp-json\/wp\/v2\/users\/1"}],"replies":[{"embeddable":true,"href":"https:\/\/monogatari.info\/index.php\/wp-json\/wp\/v2\/comments?post=46"}],"version-history":[{"count":0,"href":"https:\/\/monogatari.info\/index.php\/wp-json\/wp\/v2\/posts\/46\/revisions"}],"wp:attachment":[{"href":"https:\/\/monogatari.info\/index.php\/wp-json\/wp\/v2\/media?parent=46"}],"wp:term":[{"taxonomy":"category","embeddable":true,"href":"https:\/\/monogatari.info\/index.php\/wp-json\/wp\/v2\/categories?post=46"},{"taxonomy":"post_tag","embeddable":true,"href":"https:\/\/monogatari.info\/index.php\/wp-json\/wp\/v2\/tags?post=46"}],"curies":[{"name":"wp","href":"https:\/\/api.w.org\/{rel}","templated":true}]}}